{"id":6861,"date":"2019-02-21T12:50:46","date_gmt":"2019-02-21T11:50:46","guid":{"rendered":"http:\/\/dev.vinolin.hu\/?p=6861\/"},"modified":"2025-03-27T13:09:04","modified_gmt":"2025-03-27T11:09:04","slug":"standort-und-ausbildungsort","status":"publish","type":"post","link":"https:\/\/mokos.hu\/de\/koncerencia-es-trening-helyszin\/","title":{"rendered":"Veranstaltungsort f\u00fcr Konferenzen und Schulungen"},"content":{"rendered":"<div class=\"wpb_text_column wpb_content_element\">\n<div class=\"wpb_wrapper\">\n<h3><strong>Der perfekte Veranstaltungsort in der Weinregion Vill\u00e1ny<\/strong><\/h3>\n<p><strong>Wir haben einen Theater- und Veranstaltungsraum \u00fcber dem Weinverarbeitungsbereich in unserem Weingut geschaffen, das in einem verlassenen Minenhof des ehemaligen Palkonya-Steinbruchs errichtet wurde.<\/strong>. Das Weingut selbst wurde in einer einzigartigen Lage am Ufer des Palkonya-Fischteichs gebaut, mit einem herrlichen Blick auf den Palkonya-Weinkeller, die historische Kirche und die bl\u00fchenden Obstg\u00e4rten auf der anderen Seite des Tals.<\/p>\n<\/div>\n<\/div>\n<p><img fetchpriority=\"high\" decoding=\"async\" class=\"aligncenter wp-image-27301 size-full\" src=\"https:\/\/mokos.hu\/wp-content\/uploads\/2025\/03\/Mokos_Szinhaz_terem-e1742558832135.jpg\" alt=\"\" width=\"1920\" height=\"733\" srcset=\"https:\/\/mokos.hu\/wp-content\/uploads\/2025\/03\/Mokos_Szinhaz_terem-e1742558832135.jpg 1920w, https:\/\/mokos.hu\/wp-content\/uploads\/2025\/03\/Mokos_Szinhaz_terem-e1742558832135-1000x382.jpg 1000w, https:\/\/mokos.hu\/wp-content\/uploads\/2025\/03\/Mokos_Szinhaz_terem-e1742558832135-1200x458.jpg 1200w, https:\/\/mokos.hu\/wp-content\/uploads\/2025\/03\/Mokos_Szinhaz_terem-e1742558832135-300x115.jpg 300w, https:\/\/mokos.hu\/wp-content\/uploads\/2025\/03\/Mokos_Szinhaz_terem-e1742558832135-1024x391.jpg 1024w, https:\/\/mokos.hu\/wp-content\/uploads\/2025\/03\/Mokos_Szinhaz_terem-e1742558832135-1536x586.jpg 1536w, https:\/\/mokos.hu\/wp-content\/uploads\/2025\/03\/Mokos_Szinhaz_terem-e1742558832135-18x7.jpg 18w\" sizes=\"(max-width: 1920px) 100vw, 1920px\" \/><\/p>\n<div class=\"wpb_text_column wpb_content_element\">\n<div class=\"wpb_wrapper\">\n<p>&nbsp;<\/p>\n<p>A\u00a0<strong>Theatersaal mit 300 Pl\u00e4tzen<\/strong>\u00a0und\u00a0<strong>60-Pl\u00e4tze-Loge plus<\/strong>\u00a0mit Ton- und Beleuchtungsanlagen bietet es die Kapazit\u00e4t und die technischen M\u00f6glichkeiten, um hochwertige Veranstaltungen von hohem kulturellem Wert durchzuf\u00fchren.\u00a0<strong>Die akustische Gestaltung des Saals wurde von Arat\u00f3 Akusztikai Kft. durchgef\u00fchrt, die auch das Kod\u00e1ly-Zentrum in P\u00e9cs entworfen hat.<\/strong>dank des besonderen Designs<strong>\u00a0der perfekte Veranstaltungsort.<\/strong><\/p>\n<p>&nbsp;<\/p>\n<\/div>\n<\/div>\n<p><img decoding=\"async\" class=\"wp-image-7435 size-large aligncenter\" src=\"https:\/\/mokos.hu\/wp-content\/uploads\/2019\/05\/Teremle\u00edr\u00e1sok_z\u00f6ld-827x1024.jpg\" alt=\"\" width=\"827\" height=\"1024\" \/><\/p>\n<div>\n<p>&nbsp;<\/p>\n<p>Wenn die Art der Veranstaltung es erfordert, kann der Raum auch mit Tischen ausgestattet werden, <strong>kann ein hervorragender Ort f\u00fcr gro\u00dfe Konferenzen, teambildende Schulungen, Partnertreffen sein<\/strong> ist. Vervollst\u00e4ndigen Sie das organisierte Programm <strong>mit Weinverkostung und Snacks <\/strong>oder schlie\u00dfen Sie Ihre Veranstaltung mit einem unvergesslichen <strong>mit einem Weindinner <\/strong>und beeindrucken Sie Ihre G\u00e4ste und Kollegen.<\/p>\n<p>\u00dcberlassen Sie den Erfolg Ihrer Veranstaltung nicht dem Zufall, sondern w\u00e4hlen Sie den perfekten Veranstaltungsort! W\u00e4hlen Sie das Weingut Mokos!<\/p>\n<\/div>\n<h4>PERSONALISIERT\u00a0<a href=\"https:\/\/mokos.hu\/de\/arajanlatkeres\/\"><strong>FORDERN SIE HIER EIN ANGEBOT AN!<\/strong><\/a><\/h4>\n<p><strong>K\u00d6NNEN SIE UNS UNTER DEN FOLGENDEN KONTAKTDATEN ERREICHEN:<\/strong><\/p>\n<p><strong>Vikt\u00f3ria Mokos<\/strong><em><br \/>\n<\/em>Telefon: +36 70\/ 425-0334<\/p>\n<p><strong>Dalma Menr\u00e1th<\/strong><em><br \/>\n<\/em>Telefon: +36 70\/ 509-8779<\/p>\n<p>E-Mail:\u00a0<a href=\"mailto:szervezes@mokos.hu\">szervezes@mokos.hu<\/a><br \/>\n7771 Palkonya, Hegyalja u. 1.<\/p>\n<p>Bestell- und Buchungsrichtlinien\u00a0<a href=\"https:\/\/mokos.hu\/de\/uzlet\/regeln\/\">HIER<\/a>\u00a0reicht.<\/p>","protected":false},"excerpt":{"rendered":"<p>T\u00f6k\u00e9letes rendezv\u00e9nyhelysz\u00edn a Vill\u00e1nyi borvid\u00e9ken Pince\u00e9p\u00fclet\u00fcnkben, az egykori palkonyai k\u0151b\u00e1nya felhagyott b\u00e1nyaudvar\u00e1ba be\u00e9p\u00edtett bor\u00e1szatunkban a bor\u00e1szati feldolgoz\u00f3 t\u00e9r f\u00f6l\u00f6tt egy sz\u00ednh\u00e1z- \u00e9s rendezv\u00e9nytermet hoztunk l\u00e9tre. A pinceberuh\u00e1z\u00e1s maga egy p\u00e1ratlan&hellip;<\/p>","protected":false},"author":6,"featured_media":0,"comment_status":"closed","ping_status":"closed","sticky":false,"template":"","format":"standard","meta":{"_acf_changed":false,"footnotes":""},"categories":[65],"tags":[],"class_list":["post-6861","post","type-post","status-publish","format-standard","hentry","category-csapatepito-programok"],"acf":[],"yoast_head":"<!-- This site is optimized with the Yoast SEO plugin v27.5 - https:\/\/yoast.com\/product\/yoast-seo-wordpress\/ -->\n<title>Konferencia \u00e9s Tr\u00e9ning Helysz\u00edn - MOKOS<\/title>\n<meta name=\"robots\" content=\"index, follow, max-snippet:-1, max-image-preview:large, max-video-preview:-1\" \/>\n<link rel=\"canonical\" href=\"https:\/\/mokos.hu\/de\/standort-und-ausbildungsort\/\" \/>\n<meta property=\"og:locale\" content=\"de_DE\" \/>\n<meta property=\"og:type\" content=\"article\" \/>\n<meta property=\"og:title\" content=\"Konferencia \u00e9s Tr\u00e9ning Helysz\u00edn - MOKOS\" \/>\n<meta property=\"og:description\" content=\"T\u00f6k\u00e9letes rendezv\u00e9nyhelysz\u00edn a Vill\u00e1nyi borvid\u00e9ken Pince\u00e9p\u00fclet\u00fcnkben, az egykori palkonyai k\u0151b\u00e1nya felhagyott b\u00e1nyaudvar\u00e1ba be\u00e9p\u00edtett bor\u00e1szatunkban a bor\u00e1szati feldolgoz\u00f3 t\u00e9r f\u00f6l\u00f6tt egy sz\u00ednh\u00e1z- \u00e9s rendezv\u00e9nytermet hoztunk l\u00e9tre. A pinceberuh\u00e1z\u00e1s maga egy p\u00e1ratlan&hellip;\" \/>\n<meta property=\"og:url\" content=\"https:\/\/mokos.hu\/de\/standort-und-ausbildungsort\/\" \/>\n<meta property=\"og:site_name\" content=\"MOKOS\" \/>\n<meta property=\"article:published_time\" content=\"2019-02-21T11:50:46+00:00\" \/>\n<meta property=\"article:modified_time\" content=\"2025-03-27T11:09:04+00:00\" \/>\n<meta property=\"og:image\" content=\"https:\/\/mokos.hu\/wp-content\/uploads\/2025\/03\/Mokos_Szinhaz_terem-e1742558832135.jpg\" \/>\n\t<meta property=\"og:image:width\" content=\"1920\" \/>\n\t<meta property=\"og:image:height\" content=\"733\" \/>\n\t<meta property=\"og:image:type\" content=\"image\/jpeg\" \/>\n<meta name=\"author\" content=\"\u00c1brah\u00e1m Vivien\" \/>\n<meta name=\"twitter:card\" content=\"summary_large_image\" \/>\n<meta name=\"twitter:label1\" content=\"Verfasst von\" \/>\n\t<meta name=\"twitter:data1\" content=\"\u00c1brah\u00e1m Vivien\" \/>\n\t<meta name=\"twitter:label2\" content=\"Gesch\u00e4tzte Lesezeit\" \/>\n\t<meta name=\"twitter:data2\" content=\"2\u00a0Minuten\" \/>\n<script type=\"application\/ld+json\" class=\"yoast-schema-graph\">{\"@context\":\"https:\\\/\\\/schema.org\",\"@graph\":[{\"@type\":\"Article\",\"@id\":\"https:\\\/\\\/mokos.hu\\\/koncerencia-es-trening-helyszin\\\/#article\",\"isPartOf\":{\"@id\":\"https:\\\/\\\/mokos.hu\\\/koncerencia-es-trening-helyszin\\\/\"},\"author\":{\"name\":\"\u00c1brah\u00e1m Vivien\",\"@id\":\"https:\\\/\\\/mokos.hu\\\/#\\\/schema\\\/person\\\/1a90263892d03cfb06fa43d453158fd7\"},\"headline\":\"Konferencia \u00e9s Tr\u00e9ning Helysz\u00edn\",\"datePublished\":\"2019-02-21T11:50:46+00:00\",\"dateModified\":\"2025-03-27T11:09:04+00:00\",\"mainEntityOfPage\":{\"@id\":\"https:\\\/\\\/mokos.hu\\\/koncerencia-es-trening-helyszin\\\/\"},\"wordCount\":351,\"publisher\":{\"@id\":\"https:\\\/\\\/mokos.hu\\\/#organization\"},\"image\":{\"@id\":\"https:\\\/\\\/mokos.hu\\\/koncerencia-es-trening-helyszin\\\/#primaryimage\"},\"thumbnailUrl\":\"https:\\\/\\\/mokos.hu\\\/wp-content\\\/uploads\\\/2025\\\/03\\\/Mokos_Szinhaz_terem-e1742558832135.jpg\",\"articleSection\":[\"Csapat\u00e9p\u00edt\u0151 programok\"],\"inLanguage\":\"de\"},{\"@type\":\"WebPage\",\"@id\":\"https:\\\/\\\/mokos.hu\\\/koncerencia-es-trening-helyszin\\\/\",\"url\":\"https:\\\/\\\/mokos.hu\\\/koncerencia-es-trening-helyszin\\\/\",\"name\":\"Konferencia \u00e9s Tr\u00e9ning Helysz\u00edn - MOKOS\",\"isPartOf\":{\"@id\":\"https:\\\/\\\/mokos.hu\\\/#website\"},\"primaryImageOfPage\":{\"@id\":\"https:\\\/\\\/mokos.hu\\\/koncerencia-es-trening-helyszin\\\/#primaryimage\"},\"image\":{\"@id\":\"https:\\\/\\\/mokos.hu\\\/koncerencia-es-trening-helyszin\\\/#primaryimage\"},\"thumbnailUrl\":\"https:\\\/\\\/mokos.hu\\\/wp-content\\\/uploads\\\/2025\\\/03\\\/Mokos_Szinhaz_terem-e1742558832135.jpg\",\"datePublished\":\"2019-02-21T11:50:46+00:00\",\"dateModified\":\"2025-03-27T11:09:04+00:00\",\"breadcrumb\":{\"@id\":\"https:\\\/\\\/mokos.hu\\\/koncerencia-es-trening-helyszin\\\/#breadcrumb\"},\"inLanguage\":\"de\",\"potentialAction\":[{\"@type\":\"ReadAction\",\"target\":[\"https:\\\/\\\/mokos.hu\\\/koncerencia-es-trening-helyszin\\\/\"]}]},{\"@type\":\"ImageObject\",\"inLanguage\":\"de\",\"@id\":\"https:\\\/\\\/mokos.hu\\\/koncerencia-es-trening-helyszin\\\/#primaryimage\",\"url\":\"https:\\\/\\\/mokos.hu\\\/wp-content\\\/uploads\\\/2025\\\/03\\\/Mokos_Szinhaz_terem-e1742558832135.jpg\",\"contentUrl\":\"https:\\\/\\\/mokos.hu\\\/wp-content\\\/uploads\\\/2025\\\/03\\\/Mokos_Szinhaz_terem-e1742558832135.jpg\"},{\"@type\":\"BreadcrumbList\",\"@id\":\"https:\\\/\\\/mokos.hu\\\/koncerencia-es-trening-helyszin\\\/#breadcrumb\",\"itemListElement\":[{\"@type\":\"ListItem\",\"position\":1,\"name\":\"Home\",\"item\":\"https:\\\/\\\/mokos.hu\\\/\"},{\"@type\":\"ListItem\",\"position\":2,\"name\":\"Konferencia \u00e9s Tr\u00e9ning Helysz\u00edn\"}]},{\"@type\":\"WebSite\",\"@id\":\"https:\\\/\\\/mokos.hu\\\/#website\",\"url\":\"https:\\\/\\\/mokos.hu\\\/\",\"name\":\"MOKOS\",\"description\":\"Csal\u00e1di Pinc\u00e9szet, Palkonya\",\"publisher\":{\"@id\":\"https:\\\/\\\/mokos.hu\\\/#organization\"},\"potentialAction\":[{\"@type\":\"SearchAction\",\"target\":{\"@type\":\"EntryPoint\",\"urlTemplate\":\"https:\\\/\\\/mokos.hu\\\/?s={search_term_string}\"},\"query-input\":{\"@type\":\"PropertyValueSpecification\",\"valueRequired\":true,\"valueName\":\"search_term_string\"}}],\"inLanguage\":\"de\"},{\"@type\":\"Organization\",\"@id\":\"https:\\\/\\\/mokos.hu\\\/#organization\",\"name\":\"MOKOS\",\"url\":\"https:\\\/\\\/mokos.hu\\\/\",\"logo\":{\"@type\":\"ImageObject\",\"inLanguage\":\"de\",\"@id\":\"https:\\\/\\\/mokos.hu\\\/#\\\/schema\\\/logo\\\/image\\\/\",\"url\":\"https:\\\/\\\/mokos.hu\\\/wp-content\\\/uploads\\\/2018\\\/11\\\/cropped-Mokos_Villanyi-Borvidek-Palkonya-1.png\",\"contentUrl\":\"https:\\\/\\\/mokos.hu\\\/wp-content\\\/uploads\\\/2018\\\/11\\\/cropped-Mokos_Villanyi-Borvidek-Palkonya-1.png\",\"width\":1000,\"height\":245,\"caption\":\"MOKOS\"},\"image\":{\"@id\":\"https:\\\/\\\/mokos.hu\\\/#\\\/schema\\\/logo\\\/image\\\/\"}},{\"@type\":\"Person\",\"@id\":\"https:\\\/\\\/mokos.hu\\\/#\\\/schema\\\/person\\\/1a90263892d03cfb06fa43d453158fd7\",\"name\":\"\u00c1brah\u00e1m Vivien\",\"image\":{\"@type\":\"ImageObject\",\"inLanguage\":\"de\",\"@id\":\"https:\\\/\\\/secure.gravatar.com\\\/avatar\\\/146811ba4ddc4168f1ed3a65dff5bb7a50800f52027da020d59735c38e1f9b0c?s=96&d=mm&r=g\",\"url\":\"https:\\\/\\\/secure.gravatar.com\\\/avatar\\\/146811ba4ddc4168f1ed3a65dff5bb7a50800f52027da020d59735c38e1f9b0c?s=96&d=mm&r=g\",\"contentUrl\":\"https:\\\/\\\/secure.gravatar.com\\\/avatar\\\/146811ba4ddc4168f1ed3a65dff5bb7a50800f52027da020d59735c38e1f9b0c?s=96&d=mm&r=g\",\"caption\":\"\u00c1brah\u00e1m Vivien\"},\"url\":\"https:\\\/\\\/mokos.hu\\\/de\\\/author\\\/vivien\\\/\"}]}<\/script>\n<!-- \/ Yoast SEO plugin. -->","yoast_head_json":{"title":"Veranstaltungsort f\u00fcr Konferenzen und Schulungen - MOKOS","robots":{"index":"index","follow":"follow","max-snippet":"max-snippet:-1","max-image-preview":"max-image-preview:large","max-video-preview":"max-video-preview:-1"},"canonical":"https:\/\/mokos.hu\/de\/standort-und-ausbildungsort\/","og_locale":"de_DE","og_type":"article","og_title":"Konferencia \u00e9s Tr\u00e9ning Helysz\u00edn - MOKOS","og_description":"T\u00f6k\u00e9letes rendezv\u00e9nyhelysz\u00edn a Vill\u00e1nyi borvid\u00e9ken Pince\u00e9p\u00fclet\u00fcnkben, az egykori palkonyai k\u0151b\u00e1nya felhagyott b\u00e1nyaudvar\u00e1ba be\u00e9p\u00edtett bor\u00e1szatunkban a bor\u00e1szati feldolgoz\u00f3 t\u00e9r f\u00f6l\u00f6tt egy sz\u00ednh\u00e1z- \u00e9s rendezv\u00e9nytermet hoztunk l\u00e9tre. A pinceberuh\u00e1z\u00e1s maga egy p\u00e1ratlan&hellip;","og_url":"https:\/\/mokos.hu\/de\/standort-und-ausbildungsort\/","og_site_name":"MOKOS","article_published_time":"2019-02-21T11:50:46+00:00","article_modified_time":"2025-03-27T11:09:04+00:00","og_image":[{"width":1920,"height":733,"url":"https:\/\/mokos.hu\/wp-content\/uploads\/2025\/03\/Mokos_Szinhaz_terem-e1742558832135.jpg","type":"image\/jpeg"}],"author":"\u00c1brah\u00e1m Vivien","twitter_card":"summary_large_image","twitter_misc":{"Verfasst von":"\u00c1brah\u00e1m Vivien","Gesch\u00e4tzte Lesezeit":"2\u00a0Minuten"},"schema":{"@context":"https:\/\/schema.org","@graph":[{"@type":"Article","@id":"https:\/\/mokos.hu\/koncerencia-es-trening-helyszin\/#article","isPartOf":{"@id":"https:\/\/mokos.hu\/koncerencia-es-trening-helyszin\/"},"author":{"name":"\u00c1brah\u00e1m Vivien","@id":"https:\/\/mokos.hu\/#\/schema\/person\/1a90263892d03cfb06fa43d453158fd7"},"headline":"Konferencia \u00e9s Tr\u00e9ning Helysz\u00edn","datePublished":"2019-02-21T11:50:46+00:00","dateModified":"2025-03-27T11:09:04+00:00","mainEntityOfPage":{"@id":"https:\/\/mokos.hu\/koncerencia-es-trening-helyszin\/"},"wordCount":351,"publisher":{"@id":"https:\/\/mokos.hu\/#organization"},"image":{"@id":"https:\/\/mokos.hu\/koncerencia-es-trening-helyszin\/#primaryimage"},"thumbnailUrl":"https:\/\/mokos.hu\/wp-content\/uploads\/2025\/03\/Mokos_Szinhaz_terem-e1742558832135.jpg","articleSection":["Csapat\u00e9p\u00edt\u0151 programok"],"inLanguage":"de"},{"@type":"WebPage","@id":"https:\/\/mokos.hu\/koncerencia-es-trening-helyszin\/","url":"https:\/\/mokos.hu\/koncerencia-es-trening-helyszin\/","name":"Veranstaltungsort f\u00fcr Konferenzen und Schulungen - MOKOS","isPartOf":{"@id":"https:\/\/mokos.hu\/#website"},"primaryImageOfPage":{"@id":"https:\/\/mokos.hu\/koncerencia-es-trening-helyszin\/#primaryimage"},"image":{"@id":"https:\/\/mokos.hu\/koncerencia-es-trening-helyszin\/#primaryimage"},"thumbnailUrl":"https:\/\/mokos.hu\/wp-content\/uploads\/2025\/03\/Mokos_Szinhaz_terem-e1742558832135.jpg","datePublished":"2019-02-21T11:50:46+00:00","dateModified":"2025-03-27T11:09:04+00:00","breadcrumb":{"@id":"https:\/\/mokos.hu\/koncerencia-es-trening-helyszin\/#breadcrumb"},"inLanguage":"de","potentialAction":[{"@type":"ReadAction","target":["https:\/\/mokos.hu\/koncerencia-es-trening-helyszin\/"]}]},{"@type":"ImageObject","inLanguage":"de","@id":"https:\/\/mokos.hu\/koncerencia-es-trening-helyszin\/#primaryimage","url":"https:\/\/mokos.hu\/wp-content\/uploads\/2025\/03\/Mokos_Szinhaz_terem-e1742558832135.jpg","contentUrl":"https:\/\/mokos.hu\/wp-content\/uploads\/2025\/03\/Mokos_Szinhaz_terem-e1742558832135.jpg"},{"@type":"BreadcrumbList","@id":"https:\/\/mokos.hu\/koncerencia-es-trening-helyszin\/#breadcrumb","itemListElement":[{"@type":"ListItem","position":1,"name":"Home","item":"https:\/\/mokos.hu\/"},{"@type":"ListItem","position":2,"name":"Konferencia \u00e9s Tr\u00e9ning Helysz\u00edn"}]},{"@type":"WebSite","@id":"https:\/\/mokos.hu\/#website","url":"https:\/\/mokos.hu\/","name":"MOKOS","description":"Familienweingut, Palkonya","publisher":{"@id":"https:\/\/mokos.hu\/#organization"},"potentialAction":[{"@type":"SearchAction","target":{"@type":"EntryPoint","urlTemplate":"https:\/\/mokos.hu\/?s={search_term_string}"},"query-input":{"@type":"PropertyValueSpecification","valueRequired":true,"valueName":"search_term_string"}}],"inLanguage":"de"},{"@type":"Organization","@id":"https:\/\/mokos.hu\/#organization","name":"MOKOS","url":"https:\/\/mokos.hu\/","logo":{"@type":"ImageObject","inLanguage":"de","@id":"https:\/\/mokos.hu\/#\/schema\/logo\/image\/","url":"https:\/\/mokos.hu\/wp-content\/uploads\/2018\/11\/cropped-Mokos_Villanyi-Borvidek-Palkonya-1.png","contentUrl":"https:\/\/mokos.hu\/wp-content\/uploads\/2018\/11\/cropped-Mokos_Villanyi-Borvidek-Palkonya-1.png","width":1000,"height":245,"caption":"MOKOS"},"image":{"@id":"https:\/\/mokos.hu\/#\/schema\/logo\/image\/"}},{"@type":"Person","@id":"https:\/\/mokos.hu\/#\/schema\/person\/1a90263892d03cfb06fa43d453158fd7","name":"Vivien \u00c1brah\u00e1m","image":{"@type":"ImageObject","inLanguage":"de","@id":"https:\/\/secure.gravatar.com\/avatar\/146811ba4ddc4168f1ed3a65dff5bb7a50800f52027da020d59735c38e1f9b0c?s=96&d=mm&r=g","url":"https:\/\/secure.gravatar.com\/avatar\/146811ba4ddc4168f1ed3a65dff5bb7a50800f52027da020d59735c38e1f9b0c?s=96&d=mm&r=g","contentUrl":"https:\/\/secure.gravatar.com\/avatar\/146811ba4ddc4168f1ed3a65dff5bb7a50800f52027da020d59735c38e1f9b0c?s=96&d=mm&r=g","caption":"\u00c1brah\u00e1m Vivien"},"url":"https:\/\/mokos.hu\/de\/author\/vivien\/"}]}},"_links":{"self":[{"href":"https:\/\/mokos.hu\/de\/wp-json\/wp\/v2\/posts\/6861","targetHints":{"allow":["GET"]}}],"collection":[{"href":"https:\/\/mokos.hu\/de\/wp-json\/wp\/v2\/posts"}],"about":[{"href":"https:\/\/mokos.hu\/de\/wp-json\/wp\/v2\/types\/post"}],"author":[{"embeddable":true,"href":"https:\/\/mokos.hu\/de\/wp-json\/wp\/v2\/users\/6"}],"replies":[{"embeddable":true,"href":"https:\/\/mokos.hu\/de\/wp-json\/wp\/v2\/comments?post=6861"}],"version-history":[{"count":0,"href":"https:\/\/mokos.hu\/de\/wp-json\/wp\/v2\/posts\/6861\/revisions"}],"wp:attachment":[{"href":"https:\/\/mokos.hu\/de\/wp-json\/wp\/v2\/media?parent=6861"}],"wp:term":[{"taxonomy":"category","embeddable":true,"href":"https:\/\/mokos.hu\/de\/wp-json\/wp\/v2\/categories?post=6861"},{"taxonomy":"post_tag","embeddable":true,"href":"https:\/\/mokos.hu\/de\/wp-json\/wp\/v2\/tags?post=6861"}],"curies":[{"name":"wp","href":"https:\/\/api.w.org\/{rel}","templated":true}]}}