{"id":27428,"date":"2025-03-25T15:57:58","date_gmt":"2025-03-25T13:57:58","guid":{"rendered":"https:\/\/mokos.hu\/?p=27428"},"modified":"2025-06-15T13:12:49","modified_gmt":"2025-06-15T11:12:49","slug":"nyari-borcsomag-ajanlatok-gyumolcsbor-villanyibor","status":"publish","type":"post","link":"https:\/\/mokos.hu\/de\/nyari-borcsomag-ajanlatok-gyumolcsbor-villanyibor\/","title":{"rendered":"Ny\u00e1ri Borcsomag Aj\u00e1nlatok"},"content":{"rendered":"<h4><strong>2025. j\u00fanius 1-augusztus 31.<\/strong><\/h4>\n<div dir=\"auto\"><\/div>\n<div dir=\"auto\">\n<div class=\"x11i5rnm xat24cr x1mh8g0r x1vvkbs xtlvy1s\"><b>Fedezd fel kedvezm\u00e9nyes ny\u00e1ri borcsomag \u00f6ssze\u00e1ll\u00edt\u00e1sainkat \u00e9s \u00e9ld \u00e1t a Mokos \u00e9lm\u00e9nyeket otthonodban vagy ak\u00e1r a v\u00edzparton h\u0171s\u00f6lve! <\/b>V\u00e1logass kedvedre k\u00f6nnyed, ny\u00e1ri feh\u00e9r- \u00e9s roz\u00e9boraink k\u00f6r\u00fcl vagy pr\u00e9mium gy\u00fcm\u00f6lcsbor k\u00fcl\u00f6nlegess\u00e9geink k\u00f6z\u00fcl! <a href=\"https:\/\/mokos.hu\/de\/produkt-kategorie\/weinpakete\/\"><em>Zu den Details! &gt;&gt;<\/em><\/a><\/div>\n<\/div>\n<div class=\"kvgmc6g5 cxmmr5t8 oygrvhab hcukyx3x c1et5uql ii04i59q\">\n<div dir=\"auto\">\n<div dir=\"auto\">\n<div dir=\"auto\">\n<div class=\"x11i5rnm xat24cr x1mh8g0r x1vvkbs xtlvy1s x126k92a\">\n<div dir=\"auto\">\n<div dir=\"auto\">\n<div class=\"x11i5rnm xat24cr x1mh8g0r x1vvkbs xtlvy1s x126k92a\"><\/div>\n<\/div>\n<\/div>\n<\/div>\n<\/div>\n<\/div>\n<\/div>\n<\/div>","protected":false},"excerpt":{"rendered":"<p>2025. j\u00fanius 1-augusztus 31. Fedezd fel kedvezm\u00e9nyes ny\u00e1ri borcsomag \u00f6ssze\u00e1ll\u00edt\u00e1sainkat \u00e9s \u00e9ld \u00e1t a Mokos \u00e9lm\u00e9nyeket otthonodban vagy ak\u00e1r a v\u00edzparton h\u0171s\u00f6lve! V\u00e1logass kedvedre k\u00f6nnyed, ny\u00e1ri feh\u00e9r- \u00e9s roz\u00e9boraink k\u00f6r\u00fcl&hellip;<\/p>","protected":false},"author":6,"featured_media":28441,"comment_status":"open","ping_status":"open","sticky":false,"template":"","format":"standard","meta":{"_acf_changed":false,"footnotes":""},"categories":[354,104],"tags":[],"class_list":["post-27428","post","type-post","status-publish","format-standard","has-post-thumbnail","hentry","category-hirek-2","category-hirek"],"acf":[],"yoast_head":"<!-- This site is optimized with the Yoast SEO plugin v27.5 - https:\/\/yoast.com\/product\/yoast-seo-wordpress\/ -->\n<title>Ny\u00e1ri Borcsomag Aj\u00e1nlatok - MOKOS<\/title>\n<meta name=\"description\" content=\"Ism\u00e9t polcon a Nektarinbor!\u00a0Nektarinbor k\u00fcl\u00f6nlegess\u00e9g\u00fcnk igazi k\u00e9nyeztet\u00e9s! A ny\u00e1r hangulata, a nektarin \u00ednycsikland\u00f3 illata \u00e9s zamata egy gy\u00fcm\u00f6lcsborban\" \/>\n<meta name=\"robots\" content=\"index, follow, max-snippet:-1, max-image-preview:large, max-video-preview:-1\" \/>\n<link rel=\"canonical\" href=\"https:\/\/mokos.hu\/de\/nyari-borcsomag-ajanlatok-gyumolcsbor-villanyibor\/\" \/>\n<meta property=\"og:locale\" content=\"de_DE\" \/>\n<meta property=\"og:type\" content=\"article\" \/>\n<meta property=\"og:title\" content=\"Ny\u00e1ri Borcsomag Aj\u00e1nlatok - MOKOS\" \/>\n<meta property=\"og:description\" content=\"Ism\u00e9t polcon a Nektarinbor!\u00a0Nektarinbor k\u00fcl\u00f6nlegess\u00e9g\u00fcnk igazi k\u00e9nyeztet\u00e9s! A ny\u00e1r hangulata, a nektarin \u00ednycsikland\u00f3 illata \u00e9s zamata egy gy\u00fcm\u00f6lcsborban\" \/>\n<meta property=\"og:url\" content=\"https:\/\/mokos.hu\/de\/nyari-borcsomag-ajanlatok-gyumolcsbor-villanyibor\/\" \/>\n<meta property=\"og:site_name\" content=\"MOKOS\" \/>\n<meta property=\"article:published_time\" content=\"2025-03-25T13:57:58+00:00\" \/>\n<meta property=\"article:modified_time\" content=\"2025-06-15T11:12:49+00:00\" \/>\n<meta property=\"og:image\" content=\"https:\/\/mokos.hu\/wp-content\/uploads\/2025\/05\/NYARI_BCS_AJANLAT_2025_fruitvibe.jpg\" \/>\n\t<meta property=\"og:image:width\" content=\"1200\" \/>\n\t<meta property=\"og:image:height\" content=\"1200\" \/>\n\t<meta property=\"og:image:type\" content=\"image\/jpeg\" \/>\n<meta name=\"author\" content=\"\u00c1brah\u00e1m Vivien\" \/>\n<meta name=\"twitter:card\" content=\"summary_large_image\" \/>\n<meta name=\"twitter:label1\" content=\"Verfasst von\" \/>\n\t<meta name=\"twitter:data1\" content=\"\u00c1brah\u00e1m Vivien\" \/>\n\t<meta name=\"twitter:label2\" content=\"Gesch\u00e4tzte Lesezeit\" \/>\n\t<meta name=\"twitter:data2\" content=\"1\u00a0Minute\" \/>\n<script type=\"application\/ld+json\" class=\"yoast-schema-graph\">{\"@context\":\"https:\\\/\\\/schema.org\",\"@graph\":[{\"@type\":\"Article\",\"@id\":\"https:\\\/\\\/mokos.hu\\\/nyari-borcsomag-ajanlatok-gyumolcsbor-villanyibor\\\/#article\",\"isPartOf\":{\"@id\":\"https:\\\/\\\/mokos.hu\\\/nyari-borcsomag-ajanlatok-gyumolcsbor-villanyibor\\\/\"},\"author\":{\"name\":\"\u00c1brah\u00e1m Vivien\",\"@id\":\"https:\\\/\\\/mokos.hu\\\/#\\\/schema\\\/person\\\/1a90263892d03cfb06fa43d453158fd7\"},\"headline\":\"Ny\u00e1ri Borcsomag Aj\u00e1nlatok\",\"datePublished\":\"2025-03-25T13:57:58+00:00\",\"dateModified\":\"2025-06-15T11:12:49+00:00\",\"mainEntityOfPage\":{\"@id\":\"https:\\\/\\\/mokos.hu\\\/nyari-borcsomag-ajanlatok-gyumolcsbor-villanyibor\\\/\"},\"wordCount\":71,\"commentCount\":0,\"publisher\":{\"@id\":\"https:\\\/\\\/mokos.hu\\\/#organization\"},\"image\":{\"@id\":\"https:\\\/\\\/mokos.hu\\\/nyari-borcsomag-ajanlatok-gyumolcsbor-villanyibor\\\/#primaryimage\"},\"thumbnailUrl\":\"https:\\\/\\\/mokos.hu\\\/wp-content\\\/uploads\\\/2025\\\/05\\\/NYARI_BCS_AJANLAT_2025_fruitvibe.jpg\",\"articleSection\":[\"H\u00edrek\",\"H\u00cdREK\"],\"inLanguage\":\"de\",\"potentialAction\":[{\"@type\":\"CommentAction\",\"name\":\"Comment\",\"target\":[\"https:\\\/\\\/mokos.hu\\\/nyari-borcsomag-ajanlatok-gyumolcsbor-villanyibor\\\/#respond\"]}]},{\"@type\":\"WebPage\",\"@id\":\"https:\\\/\\\/mokos.hu\\\/nyari-borcsomag-ajanlatok-gyumolcsbor-villanyibor\\\/\",\"url\":\"https:\\\/\\\/mokos.hu\\\/nyari-borcsomag-ajanlatok-gyumolcsbor-villanyibor\\\/\",\"name\":\"Ny\u00e1ri Borcsomag Aj\u00e1nlatok - MOKOS\",\"isPartOf\":{\"@id\":\"https:\\\/\\\/mokos.hu\\\/#website\"},\"primaryImageOfPage\":{\"@id\":\"https:\\\/\\\/mokos.hu\\\/nyari-borcsomag-ajanlatok-gyumolcsbor-villanyibor\\\/#primaryimage\"},\"image\":{\"@id\":\"https:\\\/\\\/mokos.hu\\\/nyari-borcsomag-ajanlatok-gyumolcsbor-villanyibor\\\/#primaryimage\"},\"thumbnailUrl\":\"https:\\\/\\\/mokos.hu\\\/wp-content\\\/uploads\\\/2025\\\/05\\\/NYARI_BCS_AJANLAT_2025_fruitvibe.jpg\",\"datePublished\":\"2025-03-25T13:57:58+00:00\",\"dateModified\":\"2025-06-15T11:12:49+00:00\",\"description\":\"Ism\u00e9t polcon a Nektarinbor!\u00a0Nektarinbor k\u00fcl\u00f6nlegess\u00e9g\u00fcnk igazi k\u00e9nyeztet\u00e9s! A ny\u00e1r hangulata, a nektarin \u00ednycsikland\u00f3 illata \u00e9s zamata egy gy\u00fcm\u00f6lcsborban\",\"breadcrumb\":{\"@id\":\"https:\\\/\\\/mokos.hu\\\/nyari-borcsomag-ajanlatok-gyumolcsbor-villanyibor\\\/#breadcrumb\"},\"inLanguage\":\"de\",\"potentialAction\":[{\"@type\":\"ReadAction\",\"target\":[\"https:\\\/\\\/mokos.hu\\\/nyari-borcsomag-ajanlatok-gyumolcsbor-villanyibor\\\/\"]}]},{\"@type\":\"ImageObject\",\"inLanguage\":\"de\",\"@id\":\"https:\\\/\\\/mokos.hu\\\/nyari-borcsomag-ajanlatok-gyumolcsbor-villanyibor\\\/#primaryimage\",\"url\":\"https:\\\/\\\/mokos.hu\\\/wp-content\\\/uploads\\\/2025\\\/05\\\/NYARI_BCS_AJANLAT_2025_fruitvibe.jpg\",\"contentUrl\":\"https:\\\/\\\/mokos.hu\\\/wp-content\\\/uploads\\\/2025\\\/05\\\/NYARI_BCS_AJANLAT_2025_fruitvibe.jpg\",\"width\":1200,\"height\":1200},{\"@type\":\"BreadcrumbList\",\"@id\":\"https:\\\/\\\/mokos.hu\\\/nyari-borcsomag-ajanlatok-gyumolcsbor-villanyibor\\\/#breadcrumb\",\"itemListElement\":[{\"@type\":\"ListItem\",\"position\":1,\"name\":\"Home\",\"item\":\"https:\\\/\\\/mokos.hu\\\/\"},{\"@type\":\"ListItem\",\"position\":2,\"name\":\"Ny\u00e1ri Borcsomag Aj\u00e1nlatok\"}]},{\"@type\":\"WebSite\",\"@id\":\"https:\\\/\\\/mokos.hu\\\/#website\",\"url\":\"https:\\\/\\\/mokos.hu\\\/\",\"name\":\"MOKOS\",\"description\":\"Csal\u00e1di Pinc\u00e9szet, Palkonya\",\"publisher\":{\"@id\":\"https:\\\/\\\/mokos.hu\\\/#organization\"},\"potentialAction\":[{\"@type\":\"SearchAction\",\"target\":{\"@type\":\"EntryPoint\",\"urlTemplate\":\"https:\\\/\\\/mokos.hu\\\/?s={search_term_string}\"},\"query-input\":{\"@type\":\"PropertyValueSpecification\",\"valueRequired\":true,\"valueName\":\"search_term_string\"}}],\"inLanguage\":\"de\"},{\"@type\":\"Organization\",\"@id\":\"https:\\\/\\\/mokos.hu\\\/#organization\",\"name\":\"MOKOS\",\"url\":\"https:\\\/\\\/mokos.hu\\\/\",\"logo\":{\"@type\":\"ImageObject\",\"inLanguage\":\"de\",\"@id\":\"https:\\\/\\\/mokos.hu\\\/#\\\/schema\\\/logo\\\/image\\\/\",\"url\":\"https:\\\/\\\/mokos.hu\\\/wp-content\\\/uploads\\\/2018\\\/11\\\/cropped-Mokos_Villanyi-Borvidek-Palkonya-1.png\",\"contentUrl\":\"https:\\\/\\\/mokos.hu\\\/wp-content\\\/uploads\\\/2018\\\/11\\\/cropped-Mokos_Villanyi-Borvidek-Palkonya-1.png\",\"width\":1000,\"height\":245,\"caption\":\"MOKOS\"},\"image\":{\"@id\":\"https:\\\/\\\/mokos.hu\\\/#\\\/schema\\\/logo\\\/image\\\/\"}},{\"@type\":\"Person\",\"@id\":\"https:\\\/\\\/mokos.hu\\\/#\\\/schema\\\/person\\\/1a90263892d03cfb06fa43d453158fd7\",\"name\":\"\u00c1brah\u00e1m Vivien\",\"image\":{\"@type\":\"ImageObject\",\"inLanguage\":\"de\",\"@id\":\"https:\\\/\\\/secure.gravatar.com\\\/avatar\\\/146811ba4ddc4168f1ed3a65dff5bb7a50800f52027da020d59735c38e1f9b0c?s=96&d=mm&r=g\",\"url\":\"https:\\\/\\\/secure.gravatar.com\\\/avatar\\\/146811ba4ddc4168f1ed3a65dff5bb7a50800f52027da020d59735c38e1f9b0c?s=96&d=mm&r=g\",\"contentUrl\":\"https:\\\/\\\/secure.gravatar.com\\\/avatar\\\/146811ba4ddc4168f1ed3a65dff5bb7a50800f52027da020d59735c38e1f9b0c?s=96&d=mm&r=g\",\"caption\":\"\u00c1brah\u00e1m Vivien\"},\"url\":\"https:\\\/\\\/mokos.hu\\\/de\\\/author\\\/vivien\\\/\"}]}<\/script>\n<!-- \/ Yoast SEO plugin. -->","yoast_head_json":{"title":"Ny\u00e1ri Borcsomag Aj\u00e1nlatok - MOKOS","description":"Nektarinenwein wieder im Regal! Unser besonderer Nektarinenwein ist ein echter Genuss! Die Atmosph\u00e4re des Sommers, der k\u00f6stliche Duft und Geschmack von Nektarinen in einem Obstwein","robots":{"index":"index","follow":"follow","max-snippet":"max-snippet:-1","max-image-preview":"max-image-preview:large","max-video-preview":"max-video-preview:-1"},"canonical":"https:\/\/mokos.hu\/de\/nyari-borcsomag-ajanlatok-gyumolcsbor-villanyibor\/","og_locale":"de_DE","og_type":"article","og_title":"Ny\u00e1ri Borcsomag Aj\u00e1nlatok - MOKOS","og_description":"Ism\u00e9t polcon a Nektarinbor!\u00a0Nektarinbor k\u00fcl\u00f6nlegess\u00e9g\u00fcnk igazi k\u00e9nyeztet\u00e9s! A ny\u00e1r hangulata, a nektarin \u00ednycsikland\u00f3 illata \u00e9s zamata egy gy\u00fcm\u00f6lcsborban","og_url":"https:\/\/mokos.hu\/de\/nyari-borcsomag-ajanlatok-gyumolcsbor-villanyibor\/","og_site_name":"MOKOS","article_published_time":"2025-03-25T13:57:58+00:00","article_modified_time":"2025-06-15T11:12:49+00:00","og_image":[{"width":1200,"height":1200,"url":"https:\/\/mokos.hu\/wp-content\/uploads\/2025\/05\/NYARI_BCS_AJANLAT_2025_fruitvibe.jpg","type":"image\/jpeg"}],"author":"\u00c1brah\u00e1m Vivien","twitter_card":"summary_large_image","twitter_misc":{"Verfasst von":"\u00c1brah\u00e1m Vivien","Gesch\u00e4tzte Lesezeit":"1\u00a0Minute"},"schema":{"@context":"https:\/\/schema.org","@graph":[{"@type":"Article","@id":"https:\/\/mokos.hu\/nyari-borcsomag-ajanlatok-gyumolcsbor-villanyibor\/#article","isPartOf":{"@id":"https:\/\/mokos.hu\/nyari-borcsomag-ajanlatok-gyumolcsbor-villanyibor\/"},"author":{"name":"\u00c1brah\u00e1m Vivien","@id":"https:\/\/mokos.hu\/#\/schema\/person\/1a90263892d03cfb06fa43d453158fd7"},"headline":"Ny\u00e1ri Borcsomag Aj\u00e1nlatok","datePublished":"2025-03-25T13:57:58+00:00","dateModified":"2025-06-15T11:12:49+00:00","mainEntityOfPage":{"@id":"https:\/\/mokos.hu\/nyari-borcsomag-ajanlatok-gyumolcsbor-villanyibor\/"},"wordCount":71,"commentCount":0,"publisher":{"@id":"https:\/\/mokos.hu\/#organization"},"image":{"@id":"https:\/\/mokos.hu\/nyari-borcsomag-ajanlatok-gyumolcsbor-villanyibor\/#primaryimage"},"thumbnailUrl":"https:\/\/mokos.hu\/wp-content\/uploads\/2025\/05\/NYARI_BCS_AJANLAT_2025_fruitvibe.jpg","articleSection":["H\u00edrek","H\u00cdREK"],"inLanguage":"de","potentialAction":[{"@type":"CommentAction","name":"Comment","target":["https:\/\/mokos.hu\/nyari-borcsomag-ajanlatok-gyumolcsbor-villanyibor\/#respond"]}]},{"@type":"WebPage","@id":"https:\/\/mokos.hu\/nyari-borcsomag-ajanlatok-gyumolcsbor-villanyibor\/","url":"https:\/\/mokos.hu\/nyari-borcsomag-ajanlatok-gyumolcsbor-villanyibor\/","name":"Ny\u00e1ri Borcsomag Aj\u00e1nlatok - MOKOS","isPartOf":{"@id":"https:\/\/mokos.hu\/#website"},"primaryImageOfPage":{"@id":"https:\/\/mokos.hu\/nyari-borcsomag-ajanlatok-gyumolcsbor-villanyibor\/#primaryimage"},"image":{"@id":"https:\/\/mokos.hu\/nyari-borcsomag-ajanlatok-gyumolcsbor-villanyibor\/#primaryimage"},"thumbnailUrl":"https:\/\/mokos.hu\/wp-content\/uploads\/2025\/05\/NYARI_BCS_AJANLAT_2025_fruitvibe.jpg","datePublished":"2025-03-25T13:57:58+00:00","dateModified":"2025-06-15T11:12:49+00:00","description":"Nektarinenwein wieder im Regal! Unser besonderer Nektarinenwein ist ein echter Genuss! Die Atmosph\u00e4re des Sommers, der k\u00f6stliche Duft und Geschmack von Nektarinen in einem Obstwein","breadcrumb":{"@id":"https:\/\/mokos.hu\/nyari-borcsomag-ajanlatok-gyumolcsbor-villanyibor\/#breadcrumb"},"inLanguage":"de","potentialAction":[{"@type":"ReadAction","target":["https:\/\/mokos.hu\/nyari-borcsomag-ajanlatok-gyumolcsbor-villanyibor\/"]}]},{"@type":"ImageObject","inLanguage":"de","@id":"https:\/\/mokos.hu\/nyari-borcsomag-ajanlatok-gyumolcsbor-villanyibor\/#primaryimage","url":"https:\/\/mokos.hu\/wp-content\/uploads\/2025\/05\/NYARI_BCS_AJANLAT_2025_fruitvibe.jpg","contentUrl":"https:\/\/mokos.hu\/wp-content\/uploads\/2025\/05\/NYARI_BCS_AJANLAT_2025_fruitvibe.jpg","width":1200,"height":1200},{"@type":"BreadcrumbList","@id":"https:\/\/mokos.hu\/nyari-borcsomag-ajanlatok-gyumolcsbor-villanyibor\/#breadcrumb","itemListElement":[{"@type":"ListItem","position":1,"name":"Home","item":"https:\/\/mokos.hu\/"},{"@type":"ListItem","position":2,"name":"Ny\u00e1ri Borcsomag Aj\u00e1nlatok"}]},{"@type":"WebSite","@id":"https:\/\/mokos.hu\/#website","url":"https:\/\/mokos.hu\/","name":"MOKOS","description":"Familienweingut, Palkonya","publisher":{"@id":"https:\/\/mokos.hu\/#organization"},"potentialAction":[{"@type":"SearchAction","target":{"@type":"EntryPoint","urlTemplate":"https:\/\/mokos.hu\/?s={search_term_string}"},"query-input":{"@type":"PropertyValueSpecification","valueRequired":true,"valueName":"search_term_string"}}],"inLanguage":"de"},{"@type":"Organization","@id":"https:\/\/mokos.hu\/#organization","name":"MOKOS","url":"https:\/\/mokos.hu\/","logo":{"@type":"ImageObject","inLanguage":"de","@id":"https:\/\/mokos.hu\/#\/schema\/logo\/image\/","url":"https:\/\/mokos.hu\/wp-content\/uploads\/2018\/11\/cropped-Mokos_Villanyi-Borvidek-Palkonya-1.png","contentUrl":"https:\/\/mokos.hu\/wp-content\/uploads\/2018\/11\/cropped-Mokos_Villanyi-Borvidek-Palkonya-1.png","width":1000,"height":245,"caption":"MOKOS"},"image":{"@id":"https:\/\/mokos.hu\/#\/schema\/logo\/image\/"}},{"@type":"Person","@id":"https:\/\/mokos.hu\/#\/schema\/person\/1a90263892d03cfb06fa43d453158fd7","name":"Vivien \u00c1brah\u00e1m","image":{"@type":"ImageObject","inLanguage":"de","@id":"https:\/\/secure.gravatar.com\/avatar\/146811ba4ddc4168f1ed3a65dff5bb7a50800f52027da020d59735c38e1f9b0c?s=96&d=mm&r=g","url":"https:\/\/secure.gravatar.com\/avatar\/146811ba4ddc4168f1ed3a65dff5bb7a50800f52027da020d59735c38e1f9b0c?s=96&d=mm&r=g","contentUrl":"https:\/\/secure.gravatar.com\/avatar\/146811ba4ddc4168f1ed3a65dff5bb7a50800f52027da020d59735c38e1f9b0c?s=96&d=mm&r=g","caption":"\u00c1brah\u00e1m Vivien"},"url":"https:\/\/mokos.hu\/de\/author\/vivien\/"}]}},"_links":{"self":[{"href":"https:\/\/mokos.hu\/de\/wp-json\/wp\/v2\/posts\/27428","targetHints":{"allow":["GET"]}}],"collection":[{"href":"https:\/\/mokos.hu\/de\/wp-json\/wp\/v2\/posts"}],"about":[{"href":"https:\/\/mokos.hu\/de\/wp-json\/wp\/v2\/types\/post"}],"author":[{"embeddable":true,"href":"https:\/\/mokos.hu\/de\/wp-json\/wp\/v2\/users\/6"}],"replies":[{"embeddable":true,"href":"https:\/\/mokos.hu\/de\/wp-json\/wp\/v2\/comments?post=27428"}],"version-history":[{"count":5,"href":"https:\/\/mokos.hu\/de\/wp-json\/wp\/v2\/posts\/27428\/revisions"}],"predecessor-version":[{"id":28530,"href":"https:\/\/mokos.hu\/de\/wp-json\/wp\/v2\/posts\/27428\/revisions\/28530"}],"wp:featuredmedia":[{"embeddable":true,"href":"https:\/\/mokos.hu\/de\/wp-json\/wp\/v2\/media\/28441"}],"wp:attachment":[{"href":"https:\/\/mokos.hu\/de\/wp-json\/wp\/v2\/media?parent=27428"}],"wp:term":[{"taxonomy":"category","embeddable":true,"href":"https:\/\/mokos.hu\/de\/wp-json\/wp\/v2\/categories?post=27428"},{"taxonomy":"post_tag","embeddable":true,"href":"https:\/\/mokos.hu\/de\/wp-json\/wp\/v2\/tags?post=27428"}],"curies":[{"name":"wp","href":"https:\/\/api.w.org\/{rel}","templated":true}]}}